{"id":31638,"date":"2026-08-07T11:21:13","date_gmt":"2026-08-07T09:21:13","guid":{"rendered":"https:\/\/alasderuta.com\/?p=31638"},"modified":"2026-08-07T11:21:13","modified_gmt":"2026-08-07T09:21:13","slug":"ruta-camper-huelva","status":"publish","type":"post","link":"https:\/\/alasderuta.com\/en\/ruta-camper-huelva\/","title":{"rendered":"Ruta en camper por las playas de Huelva: la escapada perfecta para alargar el verano"},"content":{"rendered":"<div id=\"attachment_31639\" style=\"width: 1370px\" class=\"wp-caption alignnone\"><img loading=\"lazy\" decoding=\"async\" aria-describedby=\"caption-attachment-31639\" class=\"size-full wp-image-31639\" src=\"https:\/\/alasderuta.com\/wp-content\/uploads\/2026\/08\/unnamed.webp\" alt=\"Isla Canela\" width=\"1360\" height=\"907\" srcset=\"https:\/\/alasderuta.com\/wp-content\/uploads\/2026\/08\/unnamed.webp 1360w, https:\/\/alasderuta.com\/wp-content\/uploads\/2026\/08\/unnamed-400x267.webp 400w, https:\/\/alasderuta.com\/wp-content\/uploads\/2026\/08\/unnamed-1200x800.webp 1200w, https:\/\/alasderuta.com\/wp-content\/uploads\/2026\/08\/unnamed-768x512.webp 768w, https:\/\/alasderuta.com\/wp-content\/uploads\/2026\/08\/unnamed-18x12.webp 18w, https:\/\/alasderuta.com\/wp-content\/uploads\/2026\/08\/unnamed-430x287.webp 430w, https:\/\/alasderuta.com\/wp-content\/uploads\/2026\/08\/unnamed-700x467.webp 700w, https:\/\/alasderuta.com\/wp-content\/uploads\/2026\/08\/unnamed-150x100.webp 150w\" sizes=\"auto, (max-width: 1360px) 100vw, 1360px\" \/><p id=\"caption-attachment-31639\" class=\"wp-caption-text\">Isla Canela<\/p><\/div>\n<p class=\"isSelectedEnd\">Hay quien piensa que el verano termina cuando acaba agosto. Nosotros creemos que es justo al rev\u00e9s.<\/p>\n<p class=\"isSelectedEnd\"><strong>Septiembre es uno de los mejores momentos para recorrer la Costa de la Luz en camper<\/strong>. Las playas recuperan la tranquilidad, las temperaturas son m\u00e1s agradables, el mar conserva el calor del verano y viajar se convierte en una experiencia mucho m\u00e1s relajada.<\/p>\n<p class=\"isSelectedEnd\">Es el momento de desayunar frente al oc\u00e9ano sin prisas, encontrar un rinc\u00f3n de arena casi para ti solo, descubrir peque\u00f1os pueblos marineros y saborear la gastronom\u00eda onubense con otro ritmo.<\/p>\n<p>En esta ruta te proponemos un recorrido por algunas de las playas m\u00e1s espectaculares de Huelva, con un peque\u00f1o desv\u00edo al Algarve portugu\u00e9s para poner el broche final a una escapada inolvidable. Una invitaci\u00f3n a seguir viajando cuando muchos ya han dado por terminado el verano.<\/p>\n<h2>\u00bfPreparado para la aventura?<\/h2>\n<p><strong><a href=\"https:\/\/alasderuta.com\/en\/\">Reserva tu camper con Alas de Ruta<\/a> y descubre Huelva a tu ritmo.<\/strong> Sin horarios, sin prisas y con la libertad de cambiar de playa siempre que te apetezca.<\/p>\n<h2>Mazag\u00f3n: donde el verano sabe a naturaleza<\/h2>\n<div id=\"attachment_31640\" style=\"width: 2570px\" class=\"wp-caption alignnone\"><img loading=\"lazy\" decoding=\"async\" aria-describedby=\"caption-attachment-31640\" class=\"size-full wp-image-31640\" src=\"https:\/\/alasderuta.com\/wp-content\/uploads\/2026\/08\/0205e508-f38d-4c05-a883-fd43ee5bcd2b-scaled.jpg\" alt=\"Mazag\u00f3n\" width=\"2560\" height=\"1536\" srcset=\"https:\/\/alasderuta.com\/wp-content\/uploads\/2026\/08\/0205e508-f38d-4c05-a883-fd43ee5bcd2b-scaled.jpg 2560w, https:\/\/alasderuta.com\/wp-content\/uploads\/2026\/08\/0205e508-f38d-4c05-a883-fd43ee5bcd2b-400x240.jpg 400w, https:\/\/alasderuta.com\/wp-content\/uploads\/2026\/08\/0205e508-f38d-4c05-a883-fd43ee5bcd2b-1300x780.jpg 1300w, https:\/\/alasderuta.com\/wp-content\/uploads\/2026\/08\/0205e508-f38d-4c05-a883-fd43ee5bcd2b-768x461.jpg 768w, https:\/\/alasderuta.com\/wp-content\/uploads\/2026\/08\/0205e508-f38d-4c05-a883-fd43ee5bcd2b-1536x922.jpg 1536w, https:\/\/alasderuta.com\/wp-content\/uploads\/2026\/08\/0205e508-f38d-4c05-a883-fd43ee5bcd2b-2048x1229.jpg 2048w, https:\/\/alasderuta.com\/wp-content\/uploads\/2026\/08\/0205e508-f38d-4c05-a883-fd43ee5bcd2b-18x12.jpg 18w, https:\/\/alasderuta.com\/wp-content\/uploads\/2026\/08\/0205e508-f38d-4c05-a883-fd43ee5bcd2b-430x258.jpg 430w, https:\/\/alasderuta.com\/wp-content\/uploads\/2026\/08\/0205e508-f38d-4c05-a883-fd43ee5bcd2b-700x420.jpg 700w, https:\/\/alasderuta.com\/wp-content\/uploads\/2026\/08\/0205e508-f38d-4c05-a883-fd43ee5bcd2b-150x90.jpg 150w\" sizes=\"auto, (max-width: 2560px) 100vw, 2560px\" \/><p id=\"caption-attachment-31640\" class=\"wp-caption-text\">Mazag\u00f3n<\/p><\/div>\n<p class=\"isSelectedEnd\">La primera parada de la ruta es <strong>Mazag\u00f3n<\/strong>, una localidad rodeada por el entorno natural de <strong>Do\u00f1ana<\/strong> que conserva algunas de las playas m\u00e1s tranquilas de la provincia de Huelva.<\/p>\n<p class=\"isSelectedEnd\">Nada m\u00e1s llegar entender\u00e1s por qu\u00e9 tantos viajeros eligen este lugar. El aroma de los pinares acompa\u00f1a pr\u00e1cticamente hasta la arena y el paisaje transmite una sensaci\u00f3n de calma dif\u00edcil de encontrar en otros destinos costeros.<\/p>\n<p class=\"isSelectedEnd\">Empieza el d\u00eda en la <strong>Playa del Parador<\/strong>, una enorme extensi\u00f3n de arena dorada donde siempre parece haber espacio para colocar la toalla. Muy cerca se encuentra uno de los rincones m\u00e1s emblem\u00e1ticos de la zona: la <strong>Cuesta Maneli<\/strong>. Una pasarela de madera atraviesa dunas y vegetaci\u00f3n hasta desembocar en una playa pr\u00e1cticamente virgen que invita a desconectar del mundo durante unas horas.<\/p>\n<p class=\"isSelectedEnd\">Si te gusta caminar, dedica un rato a recorrer los senderos cercanos al<strong> Espacio Natural de Do\u00f1ana<\/strong>. Es una forma diferente de descubrir este entorno privilegiado antes de regresar al mar para disfrutar del atardecer.<\/p>\n<p class=\"isSelectedEnd\">Pero si hay algo que no puede faltar en esta primera jornada es la gastronom\u00eda. Mazag\u00f3n es un lugar perfecto para probar las famosas<strong> gambas blancas de Huelva, unas coquinas al ajillo, un buen choco frito o at\u00fan rojo durante la temporada<\/strong>. Todo ello acompa\u00f1ado por un vino del Condado de Huelva convierte cualquier comida en un magn\u00edfico comienzo para el viaje.<\/p>\n<p class=\"isSelectedEnd\">Para pasar la noche encontrar\u00e1s varias opciones adaptadas a quienes viajan en camper. Tanto el <strong>Camping Playa Mazag\u00f3n<\/strong> como el <strong>Camping Do\u00f1ana<\/strong> ofrecen parcelas amplias, electricidad, duchas y todos los servicios necesarios para descansar antes de continuar la ruta.<\/p>\n<p class=\"isSelectedEnd\"><strong>Reserva tu camper con Alas de Ruta y comienza tu viaje.<\/strong><\/p>\n<h2>El Rompido y la Flecha: uno de los secretos mejor guardados de Huelva<\/h2>\n<div id=\"attachment_31641\" style=\"width: 1055px\" class=\"wp-caption alignnone\"><img loading=\"lazy\" decoding=\"async\" aria-describedby=\"caption-attachment-31641\" class=\"size-full wp-image-31641\" src=\"https:\/\/alasderuta.com\/wp-content\/uploads\/2026\/08\/A9F8A3A1E67AE42E69611DB5DC9488ECFECEF0A3.jpg\" alt=\"El Rompido\" width=\"1045\" height=\"700\" srcset=\"https:\/\/alasderuta.com\/wp-content\/uploads\/2026\/08\/A9F8A3A1E67AE42E69611DB5DC9488ECFECEF0A3.jpg 1045w, https:\/\/alasderuta.com\/wp-content\/uploads\/2026\/08\/A9F8A3A1E67AE42E69611DB5DC9488ECFECEF0A3-400x268.jpg 400w, https:\/\/alasderuta.com\/wp-content\/uploads\/2026\/08\/A9F8A3A1E67AE42E69611DB5DC9488ECFECEF0A3-768x514.jpg 768w, https:\/\/alasderuta.com\/wp-content\/uploads\/2026\/08\/A9F8A3A1E67AE42E69611DB5DC9488ECFECEF0A3-18x12.jpg 18w, https:\/\/alasderuta.com\/wp-content\/uploads\/2026\/08\/A9F8A3A1E67AE42E69611DB5DC9488ECFECEF0A3-430x288.jpg 430w, https:\/\/alasderuta.com\/wp-content\/uploads\/2026\/08\/A9F8A3A1E67AE42E69611DB5DC9488ECFECEF0A3-700x469.jpg 700w, https:\/\/alasderuta.com\/wp-content\/uploads\/2026\/08\/A9F8A3A1E67AE42E69611DB5DC9488ECFECEF0A3-150x100.jpg 150w\" sizes=\"auto, (max-width: 1045px) 100vw, 1045px\" \/><p id=\"caption-attachment-31641\" class=\"wp-caption-text\">El Rompido<\/p><\/div>\n<p class=\"isSelectedEnd\">El segundo destino nos lleva hasta <strong>El Rompido<\/strong>, un peque\u00f1o pueblo marinero que conserva la esencia de la costa andaluza de siempre.<\/p>\n<p class=\"isSelectedEnd\">Su puerto pesquero, las casas blancas y el ambiente tranquilo hacen que el tiempo parezca avanzar a otro ritmo. Aqu\u00ed no hace falta correr. Basta con pasear junto al <strong>r\u00edo Piedras<\/strong> y dejarse llevar por el ambiente.<\/p>\n<p class=\"isSelectedEnd\">La gran protagonista de esta etapa es la <strong>Flecha del Rompido<\/strong>, una inmensa lengua de arena creada por las corrientes marinas que permanece pr\u00e1cticamente intacta. Para llegar solo tendr\u00e1s que tomar una peque\u00f1a embarcaci\u00f3n que cruza continuamente durante gran parte del a\u00f1o.<\/p>\n<p class=\"isSelectedEnd\">Una vez all\u00ed descubrir\u00e1s una playa donde apenas existen construcciones, carreteras o ruidos. Solo arena, dunas y oc\u00e9ano.<\/p>\n<p class=\"isSelectedEnd\">Es uno de esos lugares que recuerdan por qu\u00e9 viajar en camper resulta tan especial. Puedes detenerte donde el paisaje te invite, improvisar los horarios y dedicar todo el tiempo que quieras a disfrutar del entorno.<\/p>\n<p class=\"isSelectedEnd\">Cuando llegue la hora de comer, El Rompido vuelve a sorprender. Sus restaurantes ofrecen <strong>algunos de los mejores pescados y mariscos de la provincia<\/strong>. Un arroz marinero, un pulpo a la brasa o unas gambas blancas son opciones dif\u00edciles de superar despu\u00e9s de una ma\u00f1ana junto al mar.<\/p>\n<p class=\"isSelectedEnd\">Para pasar la noche existen varios campings y \u00e1reas de servicio en los alrededores, por lo que resulta una etapa muy c\u00f3moda para quienes recorren Huelva en camper.<\/p>\n<h2>Isla Canela y Ayamonte: la \u00faltima playa antes de Portugal<\/h2>\n<div id=\"attachment_31642\" style=\"width: 898px\" class=\"wp-caption aligncenter\"><img loading=\"lazy\" decoding=\"async\" aria-describedby=\"caption-attachment-31642\" class=\"size-full wp-image-31642\" src=\"https:\/\/alasderuta.com\/wp-content\/uploads\/2026\/08\/isla-canela.jpg\" alt=\"Isla Canela\" width=\"888\" height=\"500\" srcset=\"https:\/\/alasderuta.com\/wp-content\/uploads\/2026\/08\/isla-canela.jpg 888w, https:\/\/alasderuta.com\/wp-content\/uploads\/2026\/08\/isla-canela-400x225.jpg 400w, https:\/\/alasderuta.com\/wp-content\/uploads\/2026\/08\/isla-canela-768x432.jpg 768w, https:\/\/alasderuta.com\/wp-content\/uploads\/2026\/08\/isla-canela-18x10.jpg 18w, https:\/\/alasderuta.com\/wp-content\/uploads\/2026\/08\/isla-canela-430x242.jpg 430w, https:\/\/alasderuta.com\/wp-content\/uploads\/2026\/08\/isla-canela-700x394.jpg 700w, https:\/\/alasderuta.com\/wp-content\/uploads\/2026\/08\/isla-canela-150x84.jpg 150w\" sizes=\"auto, (max-width: 888px) 100vw, 888px\" \/><p id=\"caption-attachment-31642\" class=\"wp-caption-text\">Isla Canela<\/p><\/div>\n<p class=\"isSelectedEnd\">La \u00faltima etapa de esta ruta nos lleva hasta el extremo occidental de Andaluc\u00eda.<\/p>\n<p class=\"isSelectedEnd\">Isla Canela es una de esas playas que sorprenden por su amplitud. <strong>Kil\u00f3metros de arena fina, un agradable paseo mar\u00edtimo y un ambiente mucho m\u00e1s relajado<\/strong> que otros destinos tur\u00edsticos convierten este lugar en el escenario ideal para despedir la costa de Huelva.<\/p>\n<p class=\"isSelectedEnd\">Es una playa perfecta para caminar durante horas, leer junto al mar o simplemente disfrutar del sonido de las olas mientras el verano parece resistirse a terminar.<\/p>\n<p class=\"isSelectedEnd\">Muy cerca se encuentra <strong>Ayamonte<\/strong>, una localidad con un enorme encanto donde merece la pena perderse por sus calles, descubrir peque\u00f1as plazas y sentarse en alguna terraza con vistas al Guadiana.<\/p>\n<p class=\"isSelectedEnd\">La cocina vuelve a ser protagonista. Aqu\u00ed el pescado fresco, el marisco, el pulpo o el at\u00fan conviven con la cercan\u00eda de Portugal, dejando entrever influencias gastron\u00f3micas que enriquecen todav\u00eda m\u00e1s la experiencia.<\/p>\n<p class=\"isSelectedEnd\">Si dispones de tiempo, contempla el atardecer desde el paseo fluvial. Es una de esas im\u00e1genes que permanecen en la memoria mucho despu\u00e9s de regresar a casa.<\/p>\n<h2>Consejos para recorrer las playas de Huelva en camper<\/h2>\n<p class=\"isSelectedEnd\">Aunque se trata de una ruta sencilla, hay algunos detalles que har\u00e1n que el viaje sea todav\u00eda m\u00e1s c\u00f3modo.<\/p>\n<p class=\"isSelectedEnd\"><strong>Reserva los campings con antelaci\u00f3n<\/strong> si viajas durante la primera quincena de septiembre, aprovecha las \u00e1reas de servicio para rellenar agua y vaciar dep\u00f3sitos, evita las horas centrales del d\u00eda para realizar caminatas largas y respeta siempre la normativa de estacionamiento y pernocta de cada municipio.<\/p>\n<p class=\"isSelectedEnd\">Llevar una bicicleta o unas sillas de exterior tambi\u00e9n puede marcar la diferencia. Muchos de los mejores momentos del viaje surgir\u00e1n simplemente contemplando el mar desde un rinc\u00f3n tranquilo.<\/p>\n<h1>El verano contin\u00faa sobre ruedas<\/h1>\n<p class=\"isSelectedEnd\">Hay viajes que se disfrutan mucho m\u00e1s cuando baja el ritmo.<\/p>\n<p class=\"isSelectedEnd\">Mientras la mayor\u00eda da por terminado el verano, septiembre regala playas m\u00e1s tranquilas, temperaturas agradables y una <strong>Costa de la Luz<\/strong> que recupera toda su esencia. Es el momento perfecto para descubrir Huelva sin prisas, detenerte donde quieras y dejar que cada d\u00eda termine con un atardecer diferente.<\/p>\n<p class=\"isSelectedEnd\">Porque viajar en camper no consiste solo en cambiar de destino. Consiste en viajar con otra libertad.<\/p>\n<p class=\"isSelectedEnd\">Si este a\u00f1o quieres despedir el verano de una forma distinta, prepara la ruta, llena la nevera y deja que el camino haga el resto.<\/p>\n<p><strong><a href=\"https:\/\/alasderuta.com\/en\/\">Reserva tu camper<\/a> y empieza a escribir tu pr\u00f3xima aventura por la Costa<\/strong><\/p>","protected":false},"excerpt":{"rendered":"<p>Hay quien piensa que el verano termina cuando acaba agosto. Nosotros creemos que es justo al rev\u00e9s. Septiembre es uno<\/p>","protected":false},"author":1,"featured_media":31639,"comment_status":"closed","ping_status":"closed","sticky":false,"template":"","format":"standard","meta":{"_joinchat":[],"footnotes":""},"categories":[99],"tags":[167,106,112],"class_list":["post-31638","post","type-post","status-publish","format-standard","has-post-thumbnail","hentry","category-rutas-y-viajes","tag-huelva","tag-ruta-en-camper","tag-ruta-en-camper-por-andalucia"],"yoast_head":"<!-- This site is optimized with the Yoast SEO plugin v28.4 - https:\/\/yoast.com\/product\/yoast-seo-wordpress\/ -->\n<title>Ruta en camper por playas Huelva en septiembre - Alas de Ruta<\/title>\n<meta name=\"description\" content=\"Septiembre es uno de los mejores momentos para recorrer la Costa de la Luz en camper, con playas m\u00e1s tranquilas y temperatura agradables.\" \/>\n<meta name=\"robots\" content=\"index, follow, max-snippet:-1, max-image-preview:large, max-video-preview:-1\" \/>\n<link rel=\"canonical\" href=\"https:\/\/alasderuta.com\/en\/ruta-camper-huelva\/\" \/>\n<meta property=\"og:locale\" content=\"en_GB\" \/>\n<meta property=\"og:type\" content=\"article\" \/>\n<meta property=\"og:title\" content=\"Ruta en camper por playas Huelva en septiembre - Alas de Ruta\" \/>\n<meta property=\"og:description\" content=\"Septiembre es uno de los mejores momentos para recorrer la Costa de la Luz en camper, con playas m\u00e1s tranquilas y temperatura agradables.\" \/>\n<meta property=\"og:url\" content=\"https:\/\/alasderuta.com\/en\/ruta-camper-huelva\/\" \/>\n<meta property=\"og:site_name\" content=\"Alas de Ruta\" \/>\n<meta property=\"article:published_time\" content=\"2026-08-07T09:21:13+00:00\" \/>\n<meta property=\"og:image\" content=\"https:\/\/alasderuta.com\/wp-content\/uploads\/2026\/08\/unnamed.webp\" \/>\n\t<meta property=\"og:image:width\" content=\"1360\" \/>\n\t<meta property=\"og:image:height\" content=\"907\" \/>\n\t<meta property=\"og:image:type\" content=\"image\/webp\" \/>\n<meta name=\"author\" content=\"Alas de Ruta\" \/>\n<meta name=\"twitter:card\" content=\"summary_large_image\" \/>\n<meta name=\"twitter:label1\" content=\"Written by\" \/>\n\t<meta name=\"twitter:data1\" content=\"Alas de Ruta\" \/>\n\t<meta name=\"twitter:label2\" content=\"Estimated reading time\" \/>\n\t<meta name=\"twitter:data2\" content=\"7 minutes\" \/>\n<script type=\"application\/ld+json\" class=\"yoast-schema-graph\">{\"@context\":\"https:\\\/\\\/schema.org\",\"@graph\":[{\"@type\":\"Article\",\"@id\":\"https:\\\/\\\/alasderuta.com\\\/ruta-camper-huelva\\\/#article\",\"isPartOf\":{\"@id\":\"https:\\\/\\\/alasderuta.com\\\/ruta-camper-huelva\\\/\"},\"author\":{\"name\":\"Alas de Ruta\",\"@id\":\"https:\\\/\\\/alasderuta.com\\\/#\\\/schema\\\/person\\\/521b99c3045e31dec92e563756b6c080\"},\"headline\":\"Ruta en camper por las playas de Huelva: la escapada perfecta para alargar el verano\",\"datePublished\":\"2026-08-07T09:21:13+00:00\",\"mainEntityOfPage\":{\"@id\":\"https:\\\/\\\/alasderuta.com\\\/ruta-camper-huelva\\\/\"},\"wordCount\":1235,\"image\":{\"@id\":\"https:\\\/\\\/alasderuta.com\\\/ruta-camper-huelva\\\/#primaryimage\"},\"thumbnailUrl\":\"https:\\\/\\\/alasderuta.com\\\/wp-content\\\/uploads\\\/2026\\\/08\\\/unnamed.webp\",\"keywords\":[\"Huelva\",\"ruta en camper\",\"Ruta en camper por Andaluc\u00eda\"],\"articleSection\":[\"Rutas y viajes\"],\"inLanguage\":\"en-GB\"},{\"@type\":\"WebPage\",\"@id\":\"https:\\\/\\\/alasderuta.com\\\/ruta-camper-huelva\\\/\",\"url\":\"https:\\\/\\\/alasderuta.com\\\/ruta-camper-huelva\\\/\",\"name\":\"Ruta en camper por playas Huelva en septiembre - Alas de Ruta\",\"isPartOf\":{\"@id\":\"https:\\\/\\\/alasderuta.com\\\/#website\"},\"primaryImageOfPage\":{\"@id\":\"https:\\\/\\\/alasderuta.com\\\/ruta-camper-huelva\\\/#primaryimage\"},\"image\":{\"@id\":\"https:\\\/\\\/alasderuta.com\\\/ruta-camper-huelva\\\/#primaryimage\"},\"thumbnailUrl\":\"https:\\\/\\\/alasderuta.com\\\/wp-content\\\/uploads\\\/2026\\\/08\\\/unnamed.webp\",\"datePublished\":\"2026-08-07T09:21:13+00:00\",\"author\":{\"@id\":\"https:\\\/\\\/alasderuta.com\\\/#\\\/schema\\\/person\\\/521b99c3045e31dec92e563756b6c080\"},\"description\":\"Septiembre es uno de los mejores momentos para recorrer la Costa de la Luz en camper, con playas m\u00e1s tranquilas y temperatura agradables.\",\"breadcrumb\":{\"@id\":\"https:\\\/\\\/alasderuta.com\\\/ruta-camper-huelva\\\/#breadcrumb\"},\"inLanguage\":\"en-GB\",\"potentialAction\":[{\"@type\":\"ReadAction\",\"target\":[\"https:\\\/\\\/alasderuta.com\\\/ruta-camper-huelva\\\/\"]}]},{\"@type\":\"ImageObject\",\"inLanguage\":\"en-GB\",\"@id\":\"https:\\\/\\\/alasderuta.com\\\/ruta-camper-huelva\\\/#primaryimage\",\"url\":\"https:\\\/\\\/alasderuta.com\\\/wp-content\\\/uploads\\\/2026\\\/08\\\/unnamed.webp\",\"contentUrl\":\"https:\\\/\\\/alasderuta.com\\\/wp-content\\\/uploads\\\/2026\\\/08\\\/unnamed.webp\",\"width\":1360,\"height\":907,\"caption\":\"Isla Canela\"},{\"@type\":\"BreadcrumbList\",\"@id\":\"https:\\\/\\\/alasderuta.com\\\/ruta-camper-huelva\\\/#breadcrumb\",\"itemListElement\":[{\"@type\":\"ListItem\",\"position\":1,\"name\":\"Portada\",\"item\":\"https:\\\/\\\/alasderuta.com\\\/\"},{\"@type\":\"ListItem\",\"position\":2,\"name\":\"Ruta en camper por las playas de Huelva: la escapada perfecta para alargar el verano\"}]},{\"@type\":\"WebSite\",\"@id\":\"https:\\\/\\\/alasderuta.com\\\/#website\",\"url\":\"https:\\\/\\\/alasderuta.com\\\/\",\"name\":\"Alas de Ruta\",\"description\":\"Alquiler de Campers Premium\",\"potentialAction\":[{\"@type\":\"SearchAction\",\"target\":{\"@type\":\"EntryPoint\",\"urlTemplate\":\"https:\\\/\\\/alasderuta.com\\\/?s={search_term_string}\"},\"query-input\":{\"@type\":\"PropertyValueSpecification\",\"valueRequired\":true,\"valueName\":\"search_term_string\"}}],\"inLanguage\":\"en-GB\"},{\"@type\":\"Person\",\"@id\":\"https:\\\/\\\/alasderuta.com\\\/#\\\/schema\\\/person\\\/521b99c3045e31dec92e563756b6c080\",\"name\":\"Alas de Ruta\",\"sameAs\":[\"https:\\\/\\\/alasderuta.com\"]}]}<\/script>\n<!-- \/ Yoast SEO plugin. -->","yoast_head_json":{"title":"Ruta en camper por playas Huelva en septiembre - Alas de Ruta","description":"Septiembre es uno de los mejores momentos para recorrer la Costa de la Luz en camper, con playas m\u00e1s tranquilas y temperatura agradables.","robots":{"index":"index","follow":"follow","max-snippet":"max-snippet:-1","max-image-preview":"max-image-preview:large","max-video-preview":"max-video-preview:-1"},"canonical":"https:\/\/alasderuta.com\/en\/ruta-camper-huelva\/","og_locale":"en_GB","og_type":"article","og_title":"Ruta en camper por playas Huelva en septiembre - Alas de Ruta","og_description":"Septiembre es uno de los mejores momentos para recorrer la Costa de la Luz en camper, con playas m\u00e1s tranquilas y temperatura agradables.","og_url":"https:\/\/alasderuta.com\/en\/ruta-camper-huelva\/","og_site_name":"Alas de Ruta","article_published_time":"2026-08-07T09:21:13+00:00","og_image":[{"width":1360,"height":907,"url":"https:\/\/alasderuta.com\/wp-content\/uploads\/2026\/08\/unnamed.webp","type":"image\/webp"}],"author":"Alas de Ruta","twitter_card":"summary_large_image","twitter_misc":{"Written by":"Alas de Ruta","Estimated reading time":"7 minutes"},"schema":{"@context":"https:\/\/schema.org","@graph":[{"@type":"Article","@id":"https:\/\/alasderuta.com\/ruta-camper-huelva\/#article","isPartOf":{"@id":"https:\/\/alasderuta.com\/ruta-camper-huelva\/"},"author":{"name":"Alas de Ruta","@id":"https:\/\/alasderuta.com\/#\/schema\/person\/521b99c3045e31dec92e563756b6c080"},"headline":"Ruta en camper por las playas de Huelva: la escapada perfecta para alargar el verano","datePublished":"2026-08-07T09:21:13+00:00","mainEntityOfPage":{"@id":"https:\/\/alasderuta.com\/ruta-camper-huelva\/"},"wordCount":1235,"image":{"@id":"https:\/\/alasderuta.com\/ruta-camper-huelva\/#primaryimage"},"thumbnailUrl":"https:\/\/alasderuta.com\/wp-content\/uploads\/2026\/08\/unnamed.webp","keywords":["Huelva","ruta en camper","Ruta en camper por Andaluc\u00eda"],"articleSection":["Rutas y viajes"],"inLanguage":"en-GB"},{"@type":"WebPage","@id":"https:\/\/alasderuta.com\/ruta-camper-huelva\/","url":"https:\/\/alasderuta.com\/ruta-camper-huelva\/","name":"Ruta en camper por playas Huelva en septiembre - Alas de Ruta","isPartOf":{"@id":"https:\/\/alasderuta.com\/#website"},"primaryImageOfPage":{"@id":"https:\/\/alasderuta.com\/ruta-camper-huelva\/#primaryimage"},"image":{"@id":"https:\/\/alasderuta.com\/ruta-camper-huelva\/#primaryimage"},"thumbnailUrl":"https:\/\/alasderuta.com\/wp-content\/uploads\/2026\/08\/unnamed.webp","datePublished":"2026-08-07T09:21:13+00:00","author":{"@id":"https:\/\/alasderuta.com\/#\/schema\/person\/521b99c3045e31dec92e563756b6c080"},"description":"Septiembre es uno de los mejores momentos para recorrer la Costa de la Luz en camper, con playas m\u00e1s tranquilas y temperatura agradables.","breadcrumb":{"@id":"https:\/\/alasderuta.com\/ruta-camper-huelva\/#breadcrumb"},"inLanguage":"en-GB","potentialAction":[{"@type":"ReadAction","target":["https:\/\/alasderuta.com\/ruta-camper-huelva\/"]}]},{"@type":"ImageObject","inLanguage":"en-GB","@id":"https:\/\/alasderuta.com\/ruta-camper-huelva\/#primaryimage","url":"https:\/\/alasderuta.com\/wp-content\/uploads\/2026\/08\/unnamed.webp","contentUrl":"https:\/\/alasderuta.com\/wp-content\/uploads\/2026\/08\/unnamed.webp","width":1360,"height":907,"caption":"Isla Canela"},{"@type":"BreadcrumbList","@id":"https:\/\/alasderuta.com\/ruta-camper-huelva\/#breadcrumb","itemListElement":[{"@type":"ListItem","position":1,"name":"Portada","item":"https:\/\/alasderuta.com\/"},{"@type":"ListItem","position":2,"name":"Ruta en camper por las playas de Huelva: la escapada perfecta para alargar el verano"}]},{"@type":"WebSite","@id":"https:\/\/alasderuta.com\/#website","url":"https:\/\/alasderuta.com\/","name":"Alas de Ruta","description":"Alquiler de Campers Premium","potentialAction":[{"@type":"SearchAction","target":{"@type":"EntryPoint","urlTemplate":"https:\/\/alasderuta.com\/?s={search_term_string}"},"query-input":{"@type":"PropertyValueSpecification","valueRequired":true,"valueName":"search_term_string"}}],"inLanguage":"en-GB"},{"@type":"Person","@id":"https:\/\/alasderuta.com\/#\/schema\/person\/521b99c3045e31dec92e563756b6c080","name":"Alas de Ruta","sameAs":["https:\/\/alasderuta.com"]}]}},"_links":{"self":[{"href":"https:\/\/alasderuta.com\/en\/wp-json\/wp\/v2\/posts\/31638","targetHints":{"allow":["GET"]}}],"collection":[{"href":"https:\/\/alasderuta.com\/en\/wp-json\/wp\/v2\/posts"}],"about":[{"href":"https:\/\/alasderuta.com\/en\/wp-json\/wp\/v2\/types\/post"}],"author":[{"embeddable":true,"href":"https:\/\/alasderuta.com\/en\/wp-json\/wp\/v2\/users\/1"}],"replies":[{"embeddable":true,"href":"https:\/\/alasderuta.com\/en\/wp-json\/wp\/v2\/comments?post=31638"}],"version-history":[{"count":1,"href":"https:\/\/alasderuta.com\/en\/wp-json\/wp\/v2\/posts\/31638\/revisions"}],"predecessor-version":[{"id":31643,"href":"https:\/\/alasderuta.com\/en\/wp-json\/wp\/v2\/posts\/31638\/revisions\/31643"}],"wp:featuredmedia":[{"embeddable":true,"href":"https:\/\/alasderuta.com\/en\/wp-json\/wp\/v2\/media\/31639"}],"wp:attachment":[{"href":"https:\/\/alasderuta.com\/en\/wp-json\/wp\/v2\/media?parent=31638"}],"wp:term":[{"taxonomy":"category","embeddable":true,"href":"https:\/\/alasderuta.com\/en\/wp-json\/wp\/v2\/categories?post=31638"},{"taxonomy":"post_tag","embeddable":true,"href":"https:\/\/alasderuta.com\/en\/wp-json\/wp\/v2\/tags?post=31638"}],"curies":[{"name":"wp","href":"https:\/\/api.w.org\/{rel}","templated":true}]}}